{"id":40230,"date":"2023-02-12T06:27:15","date_gmt":"2023-02-12T05:27:15","guid":{"rendered":"https:\/\/caminaktion.eu\/?p=40230"},"modified":"2023-02-13T15:12:46","modified_gmt":"2023-02-13T14:12:46","slug":"mecanique","status":"publish","type":"post","link":"https:\/\/caminaktion.eu\/en\/mecanique\/","title":{"rendered":"Inclusive singing workshop"},"content":{"rendered":"<p>[et_pb_section fb_built=&#8221;1&#8243; _builder_version=&#8221;4.16&#8243; global_colors_info=&#8221;{}&#8221;][et_pb_row module_class=&#8221; et_pb_row_fullwidth&#8221; _builder_version=&#8221;4.16&#8243; width=&#8221;89%&#8221; width_tablet=&#8221;80%&#8221; width_phone=&#8221;&#8221; width_last_edited=&#8221;on|desktop&#8221; max_width=&#8221;89%&#8221; max_width_tablet=&#8221;80%&#8221; max_width_phone=&#8221;&#8221; max_width_last_edited=&#8221;on|desktop&#8221; make_fullwidth=&#8221;on&#8221; global_colors_info=&#8221;{}&#8221;][et_pb_column type=&#8221;4_4&#8243; _builder_version=&#8221;4.16&#8243; custom_padding=&#8221;|||&#8221; global_colors_info=&#8221;{}&#8221; custom_padding__hover=&#8221;|||&#8221;][et_pb_text _builder_version=&#8221;4.16&#8243; global_colors_info=&#8221;{}&#8221;]<\/p>\n<div class=\"layoutArea\">\n<div class=\"column\">\n<h1 style=\"text-align: justify;\"><span style=\"font-size: 40px;\">#JeSuis: singing workshop &amp; concert<\/span><\/h1>\n<\/div>\n<\/div>\n<p>[\/et_pb_text][\/et_pb_column][\/et_pb_row][et_pb_row module_class=&#8221; et_pb_row_fullwidth&#8221; _builder_version=&#8221;4.16&#8243; width=&#8221;89%&#8221; width_tablet=&#8221;80%&#8221; width_phone=&#8221;&#8221; width_last_edited=&#8221;on|desktop&#8221; max_width=&#8221;89%&#8221; max_width_tablet=&#8221;80%&#8221; max_width_phone=&#8221;&#8221; max_width_last_edited=&#8221;on|desktop&#8221; make_fullwidth=&#8221;on&#8221; global_colors_info=&#8221;{}&#8221;][et_pb_column type=&#8221;4_4&#8243; _builder_version=&#8221;4.16&#8243; custom_padding=&#8221;|||&#8221; global_colors_info=&#8221;{}&#8221; custom_padding__hover=&#8221;|||&#8221;][et_pb_image src=&#8221;https:\/\/caminaktion.eu\/wp-content\/uploads\/2023\/02\/Choeur-3.jpg&#8221; title_text=&#8221;Ch\u0153ur 3&#8243; _builder_version=&#8221;4.19.5&#8243; _module_preset=&#8221;default&#8221; global_colors_info=&#8221;{}&#8221;][\/et_pb_image][\/et_pb_column][\/et_pb_row][et_pb_row column_structure=&#8221;1_2,1_2&#8243; module_class=&#8221; et_pb_row_fullwidth&#8221; _builder_version=&#8221;4.16&#8243; width=&#8221;89%&#8221; width_tablet=&#8221;80%&#8221; width_phone=&#8221;&#8221; width_last_edited=&#8221;on|desktop&#8221; max_width=&#8221;89%&#8221; max_width_tablet=&#8221;80%&#8221; max_width_phone=&#8221;&#8221; max_width_last_edited=&#8221;on|desktop&#8221; make_fullwidth=&#8221;on&#8221; global_colors_info=&#8221;{}&#8221;][et_pb_column type=&#8221;1_2&#8243; _builder_version=&#8221;4.16&#8243; custom_padding=&#8221;|||&#8221; global_colors_info=&#8221;{}&#8221; custom_padding__hover=&#8221;|||&#8221;][et_pb_image src=&#8221;https:\/\/caminaktion.eu\/wp-content\/uploads\/2023\/02\/P1200055-2.jpg&#8221; title_text=&#8221;P1200055-2&#8243; _builder_version=&#8221;4.19.5&#8243; _module_preset=&#8221;default&#8221; global_colors_info=&#8221;{}&#8221;][\/et_pb_image][et_pb_image src=&#8221;https:\/\/caminaktion.eu\/wp-content\/uploads\/2023\/02\/P1200085-R.jpg&#8221; title_text=&#8221;P1200085 R&#8221; _builder_version=&#8221;4.19.5&#8243; _module_preset=&#8221;default&#8221; global_colors_info=&#8221;{}&#8221;][\/et_pb_image][\/et_pb_column][et_pb_column type=&#8221;1_2&#8243; _builder_version=&#8221;4.19.5&#8243; _module_preset=&#8221;default&#8221; global_colors_info=&#8221;{}&#8221;][et_pb_text _builder_version=&#8221;4.16&#8243; global_colors_info=&#8221;{}&#8221;]<\/p>\n<p style=\"text-align: justify;\">In partnership with the <a href=\"https:\/\/www.opera-orchestre-montpellier.fr\/\">Op\u00e9ra Orchestre national Montpellier Occitanie<\/a> and the home for isolated children and teenagers l&#8217;Estanc &#8211; Groupe SOS, our <a href=\"https:\/\/caminaktion.eu\/en\/jesuis\">#JeSuis<\/a> program offered four singing workshops with the polyphonic chamber choir <a href=\"https:\/\/ekho-choeurdechambre.fr\/\">\u00cakh\u00f4<\/a>.<\/p>\n<p style=\"text-align: justify;\">\n<p style=\"text-align: justify;\">After an introductory session with the camin aktion mediators, 3 singers from \u00cakh\u00f4 intervened for one month in the home. More than 20 young people took part in these workshops, for many a first experience of singing in a group. Vocal and body exercises, a repertoire ranging from medieval songs to proposals from the young people&#8230;<\/p>\n<p style=\"text-align: justify;\">This amazing experience ended with the concert <a href=\"https:\/\/www.opera-orchestre-montpellier.fr\/evenements\/la-mecanique-du-choeur-2\/\"><em>La M\u00e9canique du Ch\u0153ur<\/em><\/a> presented on February 10, 2023 at the Op\u00e9ra-Com\u00e9die Montpellier. After attending the concert, the participants were invited on stage to sing together. An unforgettable instant!<\/p>\n<p style=\"text-align: justify;\"><a href=\"https:\/\/www.opera-orchestre-montpellier.fr\/magazine\/des-mineurs-isoles-chantent-en-polyphonie\/\">Read more here<\/a> (in French).<\/p>\n<p style=\"text-align: justify;\">\n<p>[\/et_pb_text][\/et_pb_column][\/et_pb_row][et_pb_row column_structure=&#8221;1_2,1_2&#8243; _builder_version=&#8221;4.19.5&#8243; _module_preset=&#8221;default&#8221; global_colors_info=&#8221;{}&#8221;][et_pb_column type=&#8221;1_2&#8243; _builder_version=&#8221;4.19.5&#8243; _module_preset=&#8221;default&#8221; global_colors_info=&#8221;{}&#8221;][et_pb_image src=&#8221;https:\/\/caminaktion.eu\/wp-content\/uploads\/2023\/02\/Choeur-5.jpg&#8221; title_text=&#8221;Ch\u0153ur 5&#8243; _builder_version=&#8221;4.19.5&#8243; _module_preset=&#8221;default&#8221; global_colors_info=&#8221;{}&#8221;][\/et_pb_image][\/et_pb_column][et_pb_column type=&#8221;1_2&#8243; _builder_version=&#8221;4.19.5&#8243; _module_preset=&#8221;default&#8221; global_colors_info=&#8221;{}&#8221;][et_pb_image src=&#8221;https:\/\/caminaktion.eu\/wp-content\/uploads\/2023\/02\/Choeur-2.jpg&#8221; title_text=&#8221;Ch\u0153ur 2&#8243; _builder_version=&#8221;4.19.5&#8243; _module_preset=&#8221;default&#8221; global_colors_info=&#8221;{}&#8221;][\/et_pb_image][\/et_pb_column][\/et_pb_row][et_pb_row _builder_version=&#8221;4.19.5&#8243; _module_preset=&#8221;default&#8221; global_colors_info=&#8221;{}&#8221;][et_pb_column type=&#8221;4_4&#8243; _builder_version=&#8221;4.19.5&#8243; _module_preset=&#8221;default&#8221; global_colors_info=&#8221;{}&#8221;][et_pb_image src=&#8221;https:\/\/caminaktion.eu\/wp-content\/uploads\/2023\/02\/WhatsApp-Image-2023-02-10-at-11.05.40.jpg&#8221; title_text=&#8221;WhatsApp Image 2023-02-10 at 11.05.40&#8243; _builder_version=&#8221;4.19.5&#8243; _module_preset=&#8221;default&#8221; global_colors_info=&#8221;{}&#8221;][\/et_pb_image][\/et_pb_column][\/et_pb_row][et_pb_row _builder_version=&#8221;4.19.5&#8243; _module_preset=&#8221;default&#8221; global_colors_info=&#8221;{}&#8221;][et_pb_column type=&#8221;4_4&#8243; _builder_version=&#8221;4.19.5&#8243; _module_preset=&#8221;default&#8221; global_colors_info=&#8221;{}&#8221;][et_pb_image src=&#8221;https:\/\/caminaktion.eu\/wp-content\/uploads\/2023\/02\/Choeur-4.jpg&#8221; title_text=&#8221;Ch\u0153ur 4&#8243; _builder_version=&#8221;4.19.5&#8243; _module_preset=&#8221;default&#8221; global_colors_info=&#8221;{}&#8221;][\/et_pb_image][\/et_pb_column][\/et_pb_row][et_pb_row module_class=&#8221; et_pb_row_fullwidth&#8221; _builder_version=&#8221;4.16&#8243; width=&#8221;89%&#8221; width_tablet=&#8221;80%&#8221; width_phone=&#8221;&#8221; width_last_edited=&#8221;on|desktop&#8221; max_width=&#8221;89%&#8221; max_width_tablet=&#8221;80%&#8221; max_width_phone=&#8221;&#8221; max_width_last_edited=&#8221;on|desktop&#8221; make_fullwidth=&#8221;on&#8221; global_colors_info=&#8221;{}&#8221;][et_pb_column type=&#8221;4_4&#8243; _builder_version=&#8221;4.16&#8243; custom_padding=&#8221;|||&#8221; global_colors_info=&#8221;{}&#8221; custom_padding__hover=&#8221;|||&#8221;][et_pb_text _builder_version=&#8221;4.19.5&#8243; global_colors_info=&#8221;{}&#8221;]<\/p>\n<p style=\"text-align: right;\"><span class=\"s1\" style=\"font-size: xx-small;\">Photos workshop \u00a9 Alyssa Leroy \/ Op\u00e9ra Orchestre national Montpellier Occitanie. <\/span><span style=\"font-size: xx-small;\">Photos concert \u00a9 Delphine Lemaire and David Gaulein-Stef<\/span><\/p>\n<p style=\"text-align: right;\"><span class=\"s1\" style=\"font-size: small;\"><\/span><\/p>\n<p>[\/et_pb_text][\/et_pb_column][\/et_pb_row][\/et_pb_section]<\/p>\n","protected":false},"excerpt":{"rendered":"<p>#JeSuis: singing workshop &amp; concert In partnership with the Op\u00e9ra Orchestre national Montpellier Occitanie and the home for isolated children and teenagers l&#8217;Estanc &#8211; Groupe SOS, our #JeSuis program offered four singing workshops with the polyphonic chamber choir \u00cakh\u00f4. After an introductory session with the camin aktion mediators, 3 singers from \u00cakh\u00f4 intervened for one [&hellip;]<\/p>\n","protected":false},"author":1,"featured_media":40211,"comment_status":"open","ping_status":"open","sticky":false,"template":"","format":"standard","meta":{"_seopress_robots_primary_cat":"","_seopress_titles_title":"","_seopress_titles_desc":"","_seopress_robots_index":"","_et_pb_use_builder":"on","_et_pb_old_content":"","_et_gb_content_width":"","footnotes":""},"categories":[122],"tags":[],"class_list":["post-40230","post","type-post","status-publish","format-standard","has-post-thumbnail","hentry","category-uncategorized"],"_links":{"self":[{"href":"https:\/\/caminaktion.eu\/en\/wp-json\/wp\/v2\/posts\/40230","targetHints":{"allow":["GET"]}}],"collection":[{"href":"https:\/\/caminaktion.eu\/en\/wp-json\/wp\/v2\/posts"}],"about":[{"href":"https:\/\/caminaktion.eu\/en\/wp-json\/wp\/v2\/types\/post"}],"author":[{"embeddable":true,"href":"https:\/\/caminaktion.eu\/en\/wp-json\/wp\/v2\/users\/1"}],"replies":[{"embeddable":true,"href":"https:\/\/caminaktion.eu\/en\/wp-json\/wp\/v2\/comments?post=40230"}],"version-history":[{"count":10,"href":"https:\/\/caminaktion.eu\/en\/wp-json\/wp\/v2\/posts\/40230\/revisions"}],"predecessor-version":[{"id":40266,"href":"https:\/\/caminaktion.eu\/en\/wp-json\/wp\/v2\/posts\/40230\/revisions\/40266"}],"wp:featuredmedia":[{"embeddable":true,"href":"https:\/\/caminaktion.eu\/en\/wp-json\/wp\/v2\/media\/40211"}],"wp:attachment":[{"href":"https:\/\/caminaktion.eu\/en\/wp-json\/wp\/v2\/media?parent=40230"}],"wp:term":[{"taxonomy":"category","embeddable":true,"href":"https:\/\/caminaktion.eu\/en\/wp-json\/wp\/v2\/categories?post=40230"},{"taxonomy":"post_tag","embeddable":true,"href":"https:\/\/caminaktion.eu\/en\/wp-json\/wp\/v2\/tags?post=40230"}],"curies":[{"name":"wp","href":"https:\/\/api.w.org\/{rel}","templated":true}]}}