{"id":39991,"date":"2023-05-01T21:40:00","date_gmt":"2023-05-01T19:40:00","guid":{"rendered":"https:\/\/caminaktion.eu\/musee-in-between-seine-et-marne\/"},"modified":"2023-05-31T11:27:33","modified_gmt":"2023-05-31T09:27:33","slug":"musee","status":"publish","type":"post","link":"https:\/\/caminaktion.eu\/en\/musee\/","title":{"rendered":"Mus\u00e9e In Between &#8211; Seine-et-Marne (FR)"},"content":{"rendered":"<p>[et_pb_section fb_built=&#8221;1&#8243; _builder_version=&#8221;4.19.1&#8243; _module_preset=&#8221;default&#8221; global_colors_info=&#8221;{}&#8221;][et_pb_row _builder_version=&#8221;4.21.0&#8243; _module_preset=&#8221;default&#8221; hover_enabled=&#8221;0&#8243; global_colors_info=&#8221;{}&#8221; custom_margin=&#8221;-50px||||false|false&#8221; sticky_enabled=&#8221;0&#8243;][et_pb_column type=&#8221;4_4&#8243; _builder_version=&#8221;4.19.1&#8243; _module_preset=&#8221;default&#8221; global_colors_info=&#8221;{}&#8221;][et_pb_image src=&#8221;https:\/\/caminaktion.eu\/wp-content\/uploads\/2023\/05\/ingrid-levitation-4-1440&#215;945-1.jpg&#8221; title_text=&#8221;ingrid-levitation-4-1440&#215;945&#8243; _builder_version=&#8221;4.21.0&#8243; _module_preset=&#8221;default&#8221; hover_enabled=&#8221;0&#8243; global_colors_info=&#8221;{}&#8221; sticky_enabled=&#8221;0&#8243;][\/et_pb_image][\/et_pb_column][\/et_pb_row][\/et_pb_section][et_pb_section fb_built=&#8221;1&#8243; _builder_version=&#8221;4.16&#8243; global_colors_info=&#8221;{}&#8221;][et_pb_row _builder_version=&#8221;4.21.0&#8243; _module_preset=&#8221;default&#8221; hover_enabled=&#8221;0&#8243; global_colors_info=&#8221;{}&#8221; custom_margin=&#8221;-100px||||false|false&#8221; sticky_enabled=&#8221;0&#8243;][et_pb_column type=&#8221;4_4&#8243; _builder_version=&#8221;4.16&#8243; _module_preset=&#8221;default&#8221; global_colors_info=&#8221;{}&#8221;][et_pb_text _builder_version=&#8221;4.17.3&#8243; _module_preset=&#8221;default&#8221; global_colors_info=&#8221;{}&#8221;]<\/p>\n<p><a href=\"https:\/\/www.actart77.com\/\">Act&#8217;Art, artistic and cultural agency of county Seine-et-Marne<\/a>, invites the choreographer <strong><a href=\"https:\/\/caminaktion.eu\/in\">Ingrid Estarque<\/a><\/strong> (Company IN &#8211; Montpellier) for the realization of a large-scale territorial project supported by Communaut\u00e9 d&#8217;Agglom\u00e9ration de Coulommiers-Pays-de-Brie: <em><strong>Mus\u00e9e In Between<\/strong><\/em>.<em><\/em><\/p>\n<p>Realized during a residency in Coulommiers-Pays-de-Brie from September 2022 to June 2023,<\/p>\n<p>Carried out during a residency in Coulommiers-Pays-de-Brie from September 2022 to June 2023, this approach consists of awareness and creation workshops involving a diverse, intergenerational communities from the territory, in connection and in partnership with relays such as schools, nursing homes, institutions for special education, etc.<\/p>\n<p>This project involves the artistic practice of the participants as much as it enhances the heritage of the county, all based on the aesthetics developed by Ingrid Estarque: a &#8220;living museum&#8221; with dance, living sculpture, new magic, mantra singing and theater, involving inhabitants of the territory of great diversity,<\/p>\n<p>Several public presentations are proposed from spring 2023, first with the presentation of a work-in-progress of the creation <em><strong>Animus<\/strong><\/em> by Ingrid Estarque on May 13th at 6 p.m. at the Galleria Continua in Boissy-le-Ch\u00e2tel, with Fanny Rouy\u00e9 and Moira Montier.<\/p>\n<p><em><\/em><\/p>\n<p>[\/et_pb_text][\/et_pb_column][\/et_pb_row][et_pb_row _builder_version=&#8221;4.21.0&#8243; _module_preset=&#8221;default&#8221; column_structure=&#8221;1_3,1_3,1_3&#8243;][et_pb_column _builder_version=&#8221;4.21.0&#8243; _module_preset=&#8221;default&#8221; type=&#8221;1_3&#8243;][et_pb_image src=&#8221;https:\/\/caminaktion.eu\/wp-content\/uploads\/2023\/05\/IMG_6183-scaled.jpg&#8221; _builder_version=&#8221;4.21.0&#8243; _module_preset=&#8221;default&#8221; title_text=&#8221;IMG_6183&#8243; hover_enabled=&#8221;0&#8243; sticky_enabled=&#8221;0&#8243;][\/et_pb_image][\/et_pb_column][et_pb_column _builder_version=&#8221;4.21.0&#8243; _module_preset=&#8221;default&#8221; type=&#8221;1_3&#8243;][et_pb_image src=&#8221;https:\/\/caminaktion.eu\/wp-content\/uploads\/2023\/05\/IMG_6260-scaled.jpg&#8221; _builder_version=&#8221;4.21.0&#8243; _module_preset=&#8221;default&#8221; title_text=&#8221;IMG_6260&#8243; hover_enabled=&#8221;0&#8243; sticky_enabled=&#8221;0&#8243;][\/et_pb_image][\/et_pb_column][et_pb_column _builder_version=&#8221;4.21.0&#8243; _module_preset=&#8221;default&#8221; type=&#8221;1_3&#8243;][et_pb_image src=&#8221;https:\/\/caminaktion.eu\/wp-content\/uploads\/2023\/05\/IMG_6313-scaled.jpg&#8221; _builder_version=&#8221;4.21.0&#8243; _module_preset=&#8221;default&#8221; title_text=&#8221;IMG_6313&#8243; hover_enabled=&#8221;0&#8243; sticky_enabled=&#8221;0&#8243;][\/et_pb_image][\/et_pb_column][\/et_pb_row][et_pb_row _builder_version=&#8221;4.21.0&#8243; _module_preset=&#8221;default&#8221; column_structure=&#8221;1_3,1_3,1_3&#8243;][et_pb_column _builder_version=&#8221;4.21.0&#8243; _module_preset=&#8221;default&#8221; type=&#8221;1_3&#8243;][et_pb_image src=&#8221;https:\/\/caminaktion.eu\/wp-content\/uploads\/2023\/05\/IMG_6320-scaled.jpg&#8221; _builder_version=&#8221;4.21.0&#8243; _module_preset=&#8221;default&#8221; title_text=&#8221;IMG_6320&#8243; hover_enabled=&#8221;0&#8243; sticky_enabled=&#8221;0&#8243;][\/et_pb_image][\/et_pb_column][et_pb_column _builder_version=&#8221;4.21.0&#8243; _module_preset=&#8221;default&#8221; type=&#8221;1_3&#8243;][et_pb_image src=&#8221;https:\/\/caminaktion.eu\/wp-content\/uploads\/2023\/05\/IMG_6352-scaled.jpg&#8221; _builder_version=&#8221;4.21.0&#8243; _module_preset=&#8221;default&#8221; title_text=&#8221;IMG_6352&#8243; hover_enabled=&#8221;0&#8243; sticky_enabled=&#8221;0&#8243;][\/et_pb_image][\/et_pb_column][et_pb_column _builder_version=&#8221;4.21.0&#8243; _module_preset=&#8221;default&#8221; type=&#8221;1_3&#8243;][et_pb_image src=&#8221;https:\/\/caminaktion.eu\/wp-content\/uploads\/2023\/05\/IMG_6376-scaled.jpg&#8221; _builder_version=&#8221;4.21.0&#8243; _module_preset=&#8221;default&#8221; title_text=&#8221;IMG_6376&#8243; hover_enabled=&#8221;0&#8243; sticky_enabled=&#8221;0&#8243;][\/et_pb_image][\/et_pb_column][\/et_pb_row][et_pb_row _builder_version=&#8221;4.21.0&#8243; _module_preset=&#8221;default&#8221; hover_enabled=&#8221;0&#8243; global_colors_info=&#8221;{}&#8221; custom_margin=&#8221;-20px||||false|false&#8221; sticky_enabled=&#8221;0&#8243;][et_pb_column type=&#8221;4_4&#8243; _builder_version=&#8221;4.16&#8243; _module_preset=&#8221;default&#8221; global_colors_info=&#8221;{}&#8221;][et_pb_text _builder_version=&#8221;4.17.3&#8243; _module_preset=&#8221;default&#8221; global_colors_info=&#8221;{}&#8221;]<\/p>\n<p><em><\/em><\/p>\n<p>On June 2nd, on the magnificent site of the <a href=\"https:\/\/moulinjaune.com\/en\/\">Moulin Jaune<\/a>, partner of the event, an intergenerational flashmob will be presented during a day of performances and happenings in the gardens of the mill.<\/p>\n<p>Finally, the highlight: the public restitution of the <em><strong>Mus\u00e9e In Between<\/strong><\/em> on June 9, 2023 on the Pr\u00e9 Manche parc site in Cr\u00e9cy-la-Chapelle from 6:30 p.m. in the form of an artistic journey. <a href=\"https:\/\/www.actart77.com\/event\/in-beetween-compagnie-in\/\">More information here<\/a>.<\/p>\n<p style=\"text-align: right;\"><span style=\"font-size: small;\">Photo Ingrid Estarque\/landscape \u00a9 Feelz Photography \u00a0|\u00a0Photos\u00a0<em>Animus<\/em>\u00a0\u00a9 Dirk Korell<\/span><\/p>\n<p>[\/et_pb_text][\/et_pb_column][\/et_pb_row][\/et_pb_section]<\/p>\n","protected":false},"excerpt":{"rendered":"<p>Act&#8217;Art, artistic and cultural agency of county Seine-et-Marne, invites the choreographer Ingrid Estarque (Company IN &#8211; Montpellier) for the realization of a large-scale territorial project supported by Communaut\u00e9 d&#8217;Agglom\u00e9ration de Coulommiers-Pays-de-Brie: Mus\u00e9e In Between. Realized during a residency in Coulommiers-Pays-de-Brie from September 2022 to June 2023, Carried out during a residency in Coulommiers-Pays-de-Brie from September [&hellip;]<\/p>\n","protected":false},"author":1,"featured_media":41131,"comment_status":"open","ping_status":"open","sticky":false,"template":"","format":"standard","meta":{"_seopress_robots_primary_cat":"","_seopress_titles_title":"","_seopress_titles_desc":"","_seopress_robots_index":"","_et_pb_use_builder":"on","_et_pb_old_content":"","_et_gb_content_width":"","footnotes":""},"categories":[122],"tags":[],"class_list":["post-39991","post","type-post","status-publish","format-standard","has-post-thumbnail","hentry","category-uncategorized"],"_links":{"self":[{"href":"https:\/\/caminaktion.eu\/en\/wp-json\/wp\/v2\/posts\/39991","targetHints":{"allow":["GET"]}}],"collection":[{"href":"https:\/\/caminaktion.eu\/en\/wp-json\/wp\/v2\/posts"}],"about":[{"href":"https:\/\/caminaktion.eu\/en\/wp-json\/wp\/v2\/types\/post"}],"author":[{"embeddable":true,"href":"https:\/\/caminaktion.eu\/en\/wp-json\/wp\/v2\/users\/1"}],"replies":[{"embeddable":true,"href":"https:\/\/caminaktion.eu\/en\/wp-json\/wp\/v2\/comments?post=39991"}],"version-history":[{"count":8,"href":"https:\/\/caminaktion.eu\/en\/wp-json\/wp\/v2\/posts\/39991\/revisions"}],"predecessor-version":[{"id":41156,"href":"https:\/\/caminaktion.eu\/en\/wp-json\/wp\/v2\/posts\/39991\/revisions\/41156"}],"wp:featuredmedia":[{"embeddable":true,"href":"https:\/\/caminaktion.eu\/en\/wp-json\/wp\/v2\/media\/41131"}],"wp:attachment":[{"href":"https:\/\/caminaktion.eu\/en\/wp-json\/wp\/v2\/media?parent=39991"}],"wp:term":[{"taxonomy":"category","embeddable":true,"href":"https:\/\/caminaktion.eu\/en\/wp-json\/wp\/v2\/categories?post=39991"},{"taxonomy":"post_tag","embeddable":true,"href":"https:\/\/caminaktion.eu\/en\/wp-json\/wp\/v2\/tags?post=39991"}],"curies":[{"name":"wp","href":"https:\/\/api.w.org\/{rel}","templated":true}]}}