{"id":30654,"date":"2017-04-24T19:56:23","date_gmt":"2017-04-24T17:56:23","guid":{"rendered":"http:\/\/caminaktion.eu\/?p=30654\/"},"modified":"2017-04-27T00:16:50","modified_gmt":"2017-04-26T22:16:50","slug":"camin-aktion-aerowaves-spring-forward","status":"publish","type":"post","link":"https:\/\/caminaktion.eu\/en\/camin-aktion-aerowaves-spring-forward\/","title":{"rendered":"camin aktion | Aerowaves Spring Forward"},"content":{"rendered":"<p>[et_pb_section bb_built=&#8221;1&#8243; admin_label=&#8221;section&#8221;][et_pb_row admin_label=&#8221;row&#8221;][et_pb_column type=&#8221;4_4&#8243;][et_pb_text admin_label=&#8221;Texte&#8221; background_layout=&#8221;light&#8221; text_orientation=&#8221;left&#8221; use_border_color=&#8221;off&#8221; border_color=&#8221;#ffffff&#8221; border_style=&#8221;solid&#8221;]<\/p>\n<p>Dirk Korell participates at the\u00a0<a href=\"http:\/\/aerowaves.org\/springforward\/spring-forward-2017\">Aerowaves Spring Forward<\/a>\u00a0platform which occurs in\u00a0\u00c5rhus from\u00a028 through\u00a030th April.<\/p>\n<p>[\/et_pb_text][\/et_pb_column][\/et_pb_row][\/et_pb_section]<\/p>\n","protected":false},"excerpt":{"rendered":"<p>Dirk Korell participates at the\u00a0Aerowaves Spring Forward\u00a0platform which occurs in\u00a0\u00c5rhus from\u00a028 through\u00a030th April.<\/p>\n","protected":false},"author":1,"featured_media":30644,"comment_status":"open","ping_status":"open","sticky":false,"template":"","format":"standard","meta":{"_seopress_robots_primary_cat":"","_seopress_titles_title":"","_seopress_titles_desc":"","_seopress_robots_index":"","_et_pb_use_builder":"on","_et_pb_old_content":"<p>Dirk Korell participate \u00e0 la plateforme <a href=\"http:\/\/aerowaves.org\/springforward\/spring-forward-2017\">Aerowaves Spring Forward<\/a>, qui se d\u00e9roule \u00e0 \u00c5rhus du 28 au 30 avril.<\/p>","_et_gb_content_width":"","footnotes":""},"categories":[122],"tags":[],"class_list":["post-30654","post","type-post","status-publish","format-standard","has-post-thumbnail","hentry","category-uncategorized"],"_links":{"self":[{"href":"https:\/\/caminaktion.eu\/en\/wp-json\/wp\/v2\/posts\/30654","targetHints":{"allow":["GET"]}}],"collection":[{"href":"https:\/\/caminaktion.eu\/en\/wp-json\/wp\/v2\/posts"}],"about":[{"href":"https:\/\/caminaktion.eu\/en\/wp-json\/wp\/v2\/types\/post"}],"author":[{"embeddable":true,"href":"https:\/\/caminaktion.eu\/en\/wp-json\/wp\/v2\/users\/1"}],"replies":[{"embeddable":true,"href":"https:\/\/caminaktion.eu\/en\/wp-json\/wp\/v2\/comments?post=30654"}],"version-history":[{"count":2,"href":"https:\/\/caminaktion.eu\/en\/wp-json\/wp\/v2\/posts\/30654\/revisions"}],"predecessor-version":[{"id":30704,"href":"https:\/\/caminaktion.eu\/en\/wp-json\/wp\/v2\/posts\/30654\/revisions\/30704"}],"wp:featuredmedia":[{"embeddable":true,"href":"https:\/\/caminaktion.eu\/en\/wp-json\/wp\/v2\/media\/30644"}],"wp:attachment":[{"href":"https:\/\/caminaktion.eu\/en\/wp-json\/wp\/v2\/media?parent=30654"}],"wp:term":[{"taxonomy":"category","embeddable":true,"href":"https:\/\/caminaktion.eu\/en\/wp-json\/wp\/v2\/categories?post=30654"},{"taxonomy":"post_tag","embeddable":true,"href":"https:\/\/caminaktion.eu\/en\/wp-json\/wp\/v2\/tags?post=30654"}],"curies":[{"name":"wp","href":"https:\/\/api.w.org\/{rel}","templated":true}]}}